{"id":68,"count":2,"description":"","link":"https:\/\/crise.ca\/en\/category\/webinaires-en\/saison-2019-en\/","name":"Saison 2019","slug":"saison-2019-en","taxonomy":"category","parent":69,"meta":[],"acf":[],"yoast_head":"<!-- This site is optimized with the Yoast SEO plugin v27.5 - https:\/\/yoast.com\/product\/yoast-seo-wordpress\/ -->\n<title>Saison 2019 - CRISE - UQAM<\/title>\n<meta name=\"robots\" content=\"index, follow, max-snippet:-1, max-image-preview:large, max-video-preview:-1\" \/>\n<link rel=\"canonical\" href=\"https:\/\/crise.ca\/category\/webinaires-en\/saison-2019-en\/\" \/>\n<meta property=\"og:locale\" content=\"en_US\" \/>\n<meta property=\"og:type\" content=\"article\" \/>\n<meta property=\"og:title\" content=\"Saison 2019 - CRISE - UQAM\" \/>\n<meta property=\"og:url\" content=\"https:\/\/crise.ca\/category\/webinaires-en\/saison-2019-en\/\" \/>\n<meta property=\"og:site_name\" content=\"CRISE\" \/>\n<meta name=\"twitter:card\" content=\"summary_large_image\" \/>\n<script type=\"application\/ld+json\" class=\"yoast-schema-graph\">{\"@context\":\"https:\\\/\\\/schema.org\",\"@graph\":[{\"@type\":\"CollectionPage\",\"@id\":\"https:\\\/\\\/crise.ca\\\/category\\\/webinaires-en\\\/saison-2019-en\\\/\",\"url\":\"https:\\\/\\\/crise.ca\\\/category\\\/webinaires-en\\\/saison-2019-en\\\/\",\"name\":\"Saison 2019 - CRISE - UQAM\",\"isPartOf\":{\"@id\":\"https:\\\/\\\/crise.ca\\\/en\\\/#website\"},\"breadcrumb\":{\"@id\":\"https:\\\/\\\/crise.ca\\\/category\\\/webinaires-en\\\/saison-2019-en\\\/#breadcrumb\"},\"inLanguage\":\"en-CA\"},{\"@type\":\"BreadcrumbList\",\"@id\":\"https:\\\/\\\/crise.ca\\\/category\\\/webinaires-en\\\/saison-2019-en\\\/#breadcrumb\",\"itemListElement\":[{\"@type\":\"ListItem\",\"position\":1,\"name\":\"UQAM\",\"item\":\"https:\\\/\\\/uqam.ca\"},{\"@type\":\"ListItem\",\"position\":2,\"name\":\"CRISE\",\"item\":\"https:\\\/\\\/crise.ca\\\/en\\\/\"},{\"@type\":\"ListItem\",\"position\":3,\"name\":\"Webinaires\",\"item\":\"https:\\\/\\\/crise.ca\\\/en\\\/category\\\/webinaires-en\\\/\"},{\"@type\":\"ListItem\",\"position\":4,\"name\":\"Saison 2019\"}]},{\"@type\":\"WebSite\",\"@id\":\"https:\\\/\\\/crise.ca\\\/en\\\/#website\",\"url\":\"https:\\\/\\\/crise.ca\\\/en\\\/\",\"name\":\"CRISE\",\"description\":\"Centre de recherche en pr\u00e9vention du suicide situ\u00e9 \u00e0 l&#039;Universit\u00e9 du Qu\u00e9bec \u00e0 Montr\u00e9al\",\"potentialAction\":[{\"@type\":\"SearchAction\",\"target\":{\"@type\":\"EntryPoint\",\"urlTemplate\":\"https:\\\/\\\/crise.ca\\\/en\\\/?s={search_term_string}\"},\"query-input\":{\"@type\":\"PropertyValueSpecification\",\"valueRequired\":true,\"valueName\":\"search_term_string\"}}],\"inLanguage\":\"en-CA\"}]}<\/script>\n<!-- \/ Yoast SEO plugin. -->","yoast_head_json":{"title":"Saison 2019 - CRISE - UQAM","robots":{"index":"index","follow":"follow","max-snippet":"max-snippet:-1","max-image-preview":"max-image-preview:large","max-video-preview":"max-video-preview:-1"},"canonical":"https:\/\/crise.ca\/category\/webinaires-en\/saison-2019-en\/","og_locale":"en_US","og_type":"article","og_title":"Saison 2019 - CRISE - UQAM","og_url":"https:\/\/crise.ca\/category\/webinaires-en\/saison-2019-en\/","og_site_name":"CRISE","twitter_card":"summary_large_image","schema":{"@context":"https:\/\/schema.org","@graph":[{"@type":"CollectionPage","@id":"https:\/\/crise.ca\/category\/webinaires-en\/saison-2019-en\/","url":"https:\/\/crise.ca\/category\/webinaires-en\/saison-2019-en\/","name":"Saison 2019 - CRISE - UQAM","isPartOf":{"@id":"https:\/\/crise.ca\/en\/#website"},"breadcrumb":{"@id":"https:\/\/crise.ca\/category\/webinaires-en\/saison-2019-en\/#breadcrumb"},"inLanguage":"en-CA"},{"@type":"BreadcrumbList","@id":"https:\/\/crise.ca\/category\/webinaires-en\/saison-2019-en\/#breadcrumb","itemListElement":[{"@type":"ListItem","position":1,"name":"UQAM","item":"https:\/\/uqam.ca"},{"@type":"ListItem","position":2,"name":"CRISE","item":"https:\/\/crise.ca\/en\/"},{"@type":"ListItem","position":3,"name":"Webinaires","item":"https:\/\/crise.ca\/en\/category\/webinaires-en\/"},{"@type":"ListItem","position":4,"name":"Saison 2019"}]},{"@type":"WebSite","@id":"https:\/\/crise.ca\/en\/#website","url":"https:\/\/crise.ca\/en\/","name":"CRISE","description":"Centre de recherche en pr\u00e9vention du suicide situ\u00e9 \u00e0 l&#039;Universit\u00e9 du Qu\u00e9bec \u00e0 Montr\u00e9al","potentialAction":[{"@type":"SearchAction","target":{"@type":"EntryPoint","urlTemplate":"https:\/\/crise.ca\/en\/?s={search_term_string}"},"query-input":{"@type":"PropertyValueSpecification","valueRequired":true,"valueName":"search_term_string"}}],"inLanguage":"en-CA"}]}},"_links":{"self":[{"href":"https:\/\/crise.ca\/en\/wp-json\/wp\/v2\/categories\/68","targetHints":{"allow":["GET"]}}],"collection":[{"href":"https:\/\/crise.ca\/en\/wp-json\/wp\/v2\/categories"}],"about":[{"href":"https:\/\/crise.ca\/en\/wp-json\/wp\/v2\/taxonomies\/category"}],"up":[{"embeddable":true,"href":"https:\/\/crise.ca\/en\/wp-json\/wp\/v2\/categories\/69"}],"wp:post_type":[{"href":"https:\/\/crise.ca\/en\/wp-json\/wp\/v2\/posts?categories=68"}],"curies":[{"name":"wp","href":"https:\/\/api.w.org\/{rel}","templated":true}]}}